{"id":1198,"date":"2016-01-29T14:18:14","date_gmt":"2016-01-29T14:18:14","guid":{"rendered":"http:\/\/www.konradin.de\/de\/?p=1198"},"modified":"2016-06-09T12:41:16","modified_gmt":"2016-06-09T12:41:16","slug":"der-augenoptiker-70-jahre-und-kein-bisschen-muede","status":"publish","type":"post","link":"https:\/\/www.konradin.de\/de\/der-augenoptiker-70-jahre-und-kein-bisschen-muede\/","title":{"rendered":"DER AUGENOPTIKER:  70 Jahre und kein bisschen m\u00fcde"},"content":{"rendered":"<p>&nbsp;<\/p>\n<p>P\u00fcnktlich zum 70. Geburtstag hat sich die Fachzeitschrift DER AUGENOPTIKER ein Facelifting verpasst.<br \/>\nSeit der ersten Ausgabe 2016 erscheint DER AUGENOPTIKER mit einem modernen, wertigen Gesicht. Ansprechende grafische Aufbereitung und gro\u00dfz\u00fcgige Fotosprache r\u00fccken die in der Branche einzigartigen Reportagen \u00fcber Innovationen, Unternehmer und Unternehmen besser ins Bild und bieten mehr Lesespa\u00df.<br \/>\nDer inhaltliche Fokus auf Fachwissen, Brillenmode und Management bleibt ebenso bestehen wie die Zielgruppe Augenoptiker. Die erste Resonanz ist hervorragend: Bei der Leitmesse der Branche \u201eopti 2016\u201c in M\u00fcnchen gewann DER AUGENOPTIKER mehr Leser und Anzeigenkunden als je bei einer Messe zuvor.<br \/>\nOnline ist DER AUGENOPTIKER erreichbar unter <a href=\"http:\/\/www.der-augenoptiker.de\" target=\"_blank\">www.der-augenoptiker.de<\/a>.<\/p>\n","protected":false},"excerpt":{"rendered":"<p>&nbsp; P\u00fcnktlich zum 70. Geburtstag hat sich die Fachzeitschrift DER AUGENOPTIKER ein Facelifting verpasst. Seit der ersten Ausgabe 2016 erscheint DER AUGENOPTIKER mit einem modernen, wertigen Gesicht. Ansprechende grafische Aufbereitung und gro\u00dfz\u00fcgige Fotosprache r\u00fccken die in der Branche einzigartigen Reportagen \u00fcber Innovationen, Unternehmer und Unternehmen besser ins Bild und bieten mehr Lesespa\u00df. Der inhaltliche Fokus [&hellip;]<\/p>\n","protected":false},"author":5,"featured_media":0,"comment_status":"open","ping_status":"closed","sticky":false,"template":"","format":"standard","meta":[],"categories":[4],"tags":[],"_links":{"self":[{"href":"https:\/\/www.konradin.de\/de\/wp-json\/wp\/v2\/posts\/1198"}],"collection":[{"href":"https:\/\/www.konradin.de\/de\/wp-json\/wp\/v2\/posts"}],"about":[{"href":"https:\/\/www.konradin.de\/de\/wp-json\/wp\/v2\/types\/post"}],"author":[{"embeddable":true,"href":"https:\/\/www.konradin.de\/de\/wp-json\/wp\/v2\/users\/5"}],"replies":[{"embeddable":true,"href":"https:\/\/www.konradin.de\/de\/wp-json\/wp\/v2\/comments?post=1198"}],"version-history":[{"count":13,"href":"https:\/\/www.konradin.de\/de\/wp-json\/wp\/v2\/posts\/1198\/revisions"}],"predecessor-version":[{"id":1585,"href":"https:\/\/www.konradin.de\/de\/wp-json\/wp\/v2\/posts\/1198\/revisions\/1585"}],"wp:attachment":[{"href":"https:\/\/www.konradin.de\/de\/wp-json\/wp\/v2\/media?parent=1198"}],"wp:term":[{"taxonomy":"category","embeddable":true,"href":"https:\/\/www.konradin.de\/de\/wp-json\/wp\/v2\/categories?post=1198"},{"taxonomy":"post_tag","embeddable":true,"href":"https:\/\/www.konradin.de\/de\/wp-json\/wp\/v2\/tags?post=1198"}],"curies":[{"name":"wp","href":"https:\/\/api.w.org\/{rel}","templated":true}]}}