{"id":124,"date":"2015-05-07T15:46:12","date_gmt":"2015-05-07T15:46:12","guid":{"rendered":"http:\/\/de.konradin.se.intra.ev-ma.net\/de\/?p=124"},"modified":"2016-06-09T19:59:17","modified_gmt":"2016-06-09T19:59:17","slug":"konradin-mediengruppe-launcht-am-29-5-2015-neues-jobportal-fachjobs24-de","status":"publish","type":"post","link":"https:\/\/www.konradin.de\/de\/konradin-mediengruppe-launcht-am-29-5-2015-neues-jobportal-fachjobs24-de\/","title":{"rendered":"Konradin Mediengruppe launcht Jobportal fachjobs24.de"},"content":{"rendered":"<p>&nbsp;<\/p>\n<p>Das neue Jobportal der Konradin Mediengruppe startet am 29. Mai 2015. Mit insgesamt 68 Print- und Online-Marken im Hintergrund vereint fachjobs24.de Stellenangebote aus sechs Branchen-Channels und bildet somit eine f\u00fcr alle Zielgruppen einzigartige Plattform.<\/p>\n<p>Nach dem Kauf von wissen.de und scienceblogs.de ist der Launch von fachjobs24.de bereits die dritte gro\u00dfe Portfolioerweiterung der Konradin Mediengruppe innerhalb des letzten Jahres.<\/p>\n<p>Hinter fachjobs24.de steht das einzigartige Mediennetzwerk der Konradin Mediengruppe aus 68 Print- und Online-Marken. Die Zeitschriften und Websites von Konradin zeichnen sich durch ihre hohe fachspezifische Kompetenz und Akzeptanz im Markt aus und werden von Lesern und Usern vor allem als berufliche Informationsquelle genutzt.<br \/>\nDie 68 Konradin-Medien werden auf fachjobs24.de zu sechs zielgruppenspezifischen Branchen-Channels zusammengef\u00fchrt: Industrie, Handwerk, Architektur\/Design, Wissen, Augenoptik und Arbeitswelt. Arbeitgeber haben die M\u00f6glichkeit, neben der Anzeigenschaltung auf dem neuen Jobportal auch die Print-Medien des jeweiligen Branchen-Channels teilweise oder komplett dazu zu buchen. Gleichzeitig finden die Konradin-Leser und User auf fachjobs24.de zielgruppengenau die neuesten und besten Jobs.<\/p>\n<p>Kosta Poulios, Gesch\u00e4ftsleitung Konradin Mediengruppe: \u201eEs ist einmalig im deutschsprachigen Raum, dass eine Mediengruppe, die in so vielen verschiedenen Branchen und M\u00e4rkten aktiv ist, User, Leser, Arbeitgeber, Anzeigenkunden und Personalberater auf einer Plattform zielgruppenaffin vereint. Die Einf\u00fchrung von fachjobs24.de ist die logische Weiterentwicklung des Konradin-Portfolios und macht dieses noch attraktiver und einzigartiger.\u201c<\/p>\n<p>F\u00fcr die technische Umsetzung von fachjobs24.de nutzt die Konradin Mediengruppe die Technologie der britischen Firma Madgex, Brighton. Madgex ist ein marktf\u00fchrender Anbieter von Stellenportal-Softwarediensten und verf\u00fcgt \u00fcber 14 Jahre umfassende Erfahrung, u.a. mit der Entwicklung der Jobportale f\u00fcr Financial Times, The Telegraph, Washington Post. \u201eWir sind Experten auf unserem Gebiet. Um den sich stetig wandelnden Anforderungen des Marktes gerecht zu werden, entwickeln wir unsere Produkte konstant weiter. Wir freuen uns darauf, die Konradin Mediengruppe bei der Einf\u00fchrung von fachjobs24.de mit unserer Technologie zu unterst\u00fctzen.\u201c Tom Ricca-McCarthy, CEO Madgex.<\/p>\n","protected":false},"excerpt":{"rendered":"<p>Das neue Jobportal der Konradin Mediengruppe startet am 29. Mai 2015. Mit insgesamt 68 Print- und Online-Marken im Hintergrund vereint fachjobs24.de Stellenangebote aus sechs Branchen-Channels und bildet somit eine f\u00fcr alle Zielgruppen einzigartige Plattform.<\/p>\n","protected":false},"author":1,"featured_media":0,"comment_status":"closed","ping_status":"closed","sticky":false,"template":"","format":"standard","meta":[],"categories":[4],"tags":[],"_links":{"self":[{"href":"https:\/\/www.konradin.de\/de\/wp-json\/wp\/v2\/posts\/124"}],"collection":[{"href":"https:\/\/www.konradin.de\/de\/wp-json\/wp\/v2\/posts"}],"about":[{"href":"https:\/\/www.konradin.de\/de\/wp-json\/wp\/v2\/types\/post"}],"author":[{"embeddable":true,"href":"https:\/\/www.konradin.de\/de\/wp-json\/wp\/v2\/users\/1"}],"replies":[{"embeddable":true,"href":"https:\/\/www.konradin.de\/de\/wp-json\/wp\/v2\/comments?post=124"}],"version-history":[{"count":13,"href":"https:\/\/www.konradin.de\/de\/wp-json\/wp\/v2\/posts\/124\/revisions"}],"predecessor-version":[{"id":1613,"href":"https:\/\/www.konradin.de\/de\/wp-json\/wp\/v2\/posts\/124\/revisions\/1613"}],"wp:attachment":[{"href":"https:\/\/www.konradin.de\/de\/wp-json\/wp\/v2\/media?parent=124"}],"wp:term":[{"taxonomy":"category","embeddable":true,"href":"https:\/\/www.konradin.de\/de\/wp-json\/wp\/v2\/categories?post=124"},{"taxonomy":"post_tag","embeddable":true,"href":"https:\/\/www.konradin.de\/de\/wp-json\/wp\/v2\/tags?post=124"}],"curies":[{"name":"wp","href":"https:\/\/api.w.org\/{rel}","templated":true}]}}