{"id":1494,"date":"2016-05-17T16:06:01","date_gmt":"2016-05-17T16:06:01","guid":{"rendered":"http:\/\/www.konradin.de\/de\/?p=1494"},"modified":"2017-01-27T10:25:46","modified_gmt":"2017-01-27T10:25:46","slug":"aktuelles-konradin-portfolio-erschienen","status":"publish","type":"post","link":"https:\/\/www.konradin.de\/de\/aktuelles-konradin-portfolio-erschienen\/","title":{"rendered":"Konradin-Portfolio erschienen"},"content":{"rendered":"<p>&nbsp;<\/p>\n<p>Das neue Portfolio bietet einen\u00a0kompakten \u00dcberblick \u00fcber die Medien und Dienstleistungen der Konradin Mediengruppe, strukturiert nach Themenbereichen und Gesch\u00e4ftsfeldern.<\/p>\n<p><!--more--><\/p>\n<p>&nbsp;<\/p>\n<p>&nbsp;<\/p>\n","protected":false},"excerpt":{"rendered":"<p>&nbsp; Das neue Portfolio bietet einen\u00a0kompakten \u00dcberblick \u00fcber die Medien und Dienstleistungen der Konradin Mediengruppe, strukturiert nach Themenbereichen und Gesch\u00e4ftsfeldern.<\/p>\n","protected":false},"author":5,"featured_media":0,"comment_status":"open","ping_status":"closed","sticky":false,"template":"","format":"standard","meta":[],"categories":[4],"tags":[],"_links":{"self":[{"href":"https:\/\/www.konradin.de\/de\/wp-json\/wp\/v2\/posts\/1494"}],"collection":[{"href":"https:\/\/www.konradin.de\/de\/wp-json\/wp\/v2\/posts"}],"about":[{"href":"https:\/\/www.konradin.de\/de\/wp-json\/wp\/v2\/types\/post"}],"author":[{"embeddable":true,"href":"https:\/\/www.konradin.de\/de\/wp-json\/wp\/v2\/users\/5"}],"replies":[{"embeddable":true,"href":"https:\/\/www.konradin.de\/de\/wp-json\/wp\/v2\/comments?post=1494"}],"version-history":[{"count":24,"href":"https:\/\/www.konradin.de\/de\/wp-json\/wp\/v2\/posts\/1494\/revisions"}],"predecessor-version":[{"id":1991,"href":"https:\/\/www.konradin.de\/de\/wp-json\/wp\/v2\/posts\/1494\/revisions\/1991"}],"wp:attachment":[{"href":"https:\/\/www.konradin.de\/de\/wp-json\/wp\/v2\/media?parent=1494"}],"wp:term":[{"taxonomy":"category","embeddable":true,"href":"https:\/\/www.konradin.de\/de\/wp-json\/wp\/v2\/categories?post=1494"},{"taxonomy":"post_tag","embeddable":true,"href":"https:\/\/www.konradin.de\/de\/wp-json\/wp\/v2\/tags?post=1494"}],"curies":[{"name":"wp","href":"https:\/\/api.w.org\/{rel}","templated":true}]}}