{"id":1695,"date":"2016-07-05T06:56:40","date_gmt":"2016-07-05T06:56:40","guid":{"rendered":"http:\/\/www.konradin.de\/de\/?p=1695"},"modified":"2016-07-05T07:00:47","modified_gmt":"2016-07-05T07:00:47","slug":"erfolgreiche-veranstaltung-md-haptik-mit-unterstuetzung-von-konradin-relations","status":"publish","type":"post","link":"https:\/\/www.konradin.de\/de\/erfolgreiche-veranstaltung-md-haptik-mit-unterstuetzung-von-konradin-relations\/","title":{"rendered":"Erfolgreiche Veranstaltung md Haptik \u2013 mit Unterst\u00fctzung von Konradin Relations"},"content":{"rendered":"<div>\n<div>Kein Begreifen ohne Greifen. Die vierte Fachveranstaltung der Materialprobe zum Thema Haptik fand im Stuttgarter Haus der Architekten statt und traf den Nerv der circa 130 Zuh\u00f6rer.<\/div>\n<div><\/div>\n<div><\/div>\n<div>Das Thema Haptik im innenarchitektonischen Kontext ist ein verh\u00e4ltnism\u00e4\u00dfig junges, dementsprechend gro\u00df ist das Interesse bei Gestaltern, Innenarchitekten und Architekten. \u201cDie tastende Hand denkt f\u00fcr uns mit\u201d betonte Susanne Tamborini, Chefin vom Dienst der md, die durch die Veranstaltung f\u00fchrte. Fest steht: Materialien und Strukturen geh\u00f6ren heute zum allt\u00e4glichem Vokabular. R\u00e4ume sollten eine sinnliche Ausstrahlung haben. Deren Qualit\u00e4t erlebt der Nutzer mit den Augen, aber insbesondere durch die tastende Hand.<\/div>\n<div><\/div>\n<div><\/div>\n<div>Die Durchf\u00fchrung der Veranstaltung oblag Konradin Relations.<br \/>\nDen kompletten Nachbericht sowie einige Impressionen finden Sie hier:<\/div>\n<div><\/div>\n<div><a href=\"http:\/\/www.md-mag.com\/interior-architecture\/reviews\/haptic-never-sleeps\/\">http:\/\/www.md-mag.com\/interior-architecture\/reviews\/haptic-never-sleeps\/<\/a><\/div>\n<\/div>\n","protected":false},"excerpt":{"rendered":"<p>Kein Begreifen ohne Greifen. Die vierte Fachveranstaltung der Materialprobe zum Thema Haptik fand im Stuttgarter Haus der Architekten statt und traf den Nerv der circa 130 Zuh\u00f6rer. Das Thema Haptik im innenarchitektonischen Kontext ist ein verh\u00e4ltnism\u00e4\u00dfig junges, dementsprechend gro\u00df ist das Interesse bei Gestaltern, Innenarchitekten und Architekten. \u201cDie tastende Hand denkt f\u00fcr uns mit\u201d betonte [&hellip;]<\/p>\n","protected":false},"author":5,"featured_media":0,"comment_status":"open","ping_status":"closed","sticky":false,"template":"","format":"standard","meta":[],"categories":[4],"tags":[],"_links":{"self":[{"href":"https:\/\/www.konradin.de\/de\/wp-json\/wp\/v2\/posts\/1695"}],"collection":[{"href":"https:\/\/www.konradin.de\/de\/wp-json\/wp\/v2\/posts"}],"about":[{"href":"https:\/\/www.konradin.de\/de\/wp-json\/wp\/v2\/types\/post"}],"author":[{"embeddable":true,"href":"https:\/\/www.konradin.de\/de\/wp-json\/wp\/v2\/users\/5"}],"replies":[{"embeddable":true,"href":"https:\/\/www.konradin.de\/de\/wp-json\/wp\/v2\/comments?post=1695"}],"version-history":[{"count":8,"href":"https:\/\/www.konradin.de\/de\/wp-json\/wp\/v2\/posts\/1695\/revisions"}],"predecessor-version":[{"id":1704,"href":"https:\/\/www.konradin.de\/de\/wp-json\/wp\/v2\/posts\/1695\/revisions\/1704"}],"wp:attachment":[{"href":"https:\/\/www.konradin.de\/de\/wp-json\/wp\/v2\/media?parent=1695"}],"wp:term":[{"taxonomy":"category","embeddable":true,"href":"https:\/\/www.konradin.de\/de\/wp-json\/wp\/v2\/categories?post=1695"},{"taxonomy":"post_tag","embeddable":true,"href":"https:\/\/www.konradin.de\/de\/wp-json\/wp\/v2\/tags?post=1695"}],"curies":[{"name":"wp","href":"https:\/\/api.w.org\/{rel}","templated":true}]}}