{"id":1753,"date":"2016-08-17T07:21:25","date_gmt":"2016-08-17T07:21:25","guid":{"rendered":"http:\/\/www.konradin.de\/de\/?p=1753"},"modified":"2016-08-17T09:31:06","modified_gmt":"2016-08-17T09:31:06","slug":"wir-gingen-hand-in-hand","status":"publish","type":"post","link":"https:\/\/www.konradin.de\/de\/wir-gingen-hand-in-hand\/","title":{"rendered":"Wir gingen &#8222;Hand in Hand&#8220;"},"content":{"rendered":"<p>Am Samstag, den 23. Juli 2016 fand der 4. Hand-in-Hand Spendenlauf im Sportzentrum in Leinfelden-Echterdingen statt. F\u00fcr dieses Jahr setzten wir uns das Ziel, gemeinsam bis nach Italien oder Frankreich zu laufen. Dies erreichten die 53 L\u00e4ufer der Konradin Mediengruppe ohne Probleme. Mit 1782 Runden legten die Teilnehmer eine Gesamtstrecke von 712,8 Kilometern zur\u00fcck.<\/p>\n<p>Die Motivation war gro\u00df, denn es ging um einen guten Zweck. Insgesamt erreichte die Konradin Mediengruppe eine Spendensumme von 5.346 Euro f\u00fcr das Kinder- und Jugendhospiz Stuttgart.<\/p>\n<p>Durch das vielseitige Kinderprogramm, die Bandauftritte und die Verk\u00f6stigung war es rundum ein gelungener Tag.<\/p>\n<p>Wir m\u00f6chten uns bei allen L\u00e4ufern f\u00fcr ihr Engagement recht herzlich bedanken.<\/p>\n<p>&nbsp;<\/p>\n<p><img decoding=\"async\" loading=\"lazy\" class=\"alignnone size-large wp-image-1754\" src=\"http:\/\/www.konradin.de\/de\/wp-content\/uploads\/Spendenlauf_2016-1024x679.jpg\" alt=\"Spendenlauf_2016\" width=\"900\" height=\"597\" srcset=\"https:\/\/www.konradin.de\/de\/wp-content\/uploads\/Spendenlauf_2016-1024x679.jpg 1024w, https:\/\/www.konradin.de\/de\/wp-content\/uploads\/Spendenlauf_2016-300x199.jpg 300w, https:\/\/www.konradin.de\/de\/wp-content\/uploads\/Spendenlauf_2016-768x509.jpg 768w, https:\/\/www.konradin.de\/de\/wp-content\/uploads\/Spendenlauf_2016.jpg 1200w\" sizes=\"(max-width: 900px) 100vw, 900px\" \/><\/p>\n","protected":false},"excerpt":{"rendered":"<p>Am Samstag, den 23. Juli 2016 fand der 4. Hand-in-Hand Spendenlauf im Sportzentrum in Leinfelden-Echterdingen statt. F\u00fcr dieses Jahr setzten wir uns das Ziel, gemeinsam bis nach Italien oder Frankreich zu laufen. Dies erreichten die 53 L\u00e4ufer der Konradin Mediengruppe ohne Probleme. Mit 1782 Runden legten die Teilnehmer eine Gesamtstrecke von 712,8 Kilometern zur\u00fcck. Die [&hellip;]<\/p>\n","protected":false},"author":5,"featured_media":0,"comment_status":"open","ping_status":"closed","sticky":false,"template":"","format":"standard","meta":[],"categories":[4],"tags":[],"_links":{"self":[{"href":"https:\/\/www.konradin.de\/de\/wp-json\/wp\/v2\/posts\/1753"}],"collection":[{"href":"https:\/\/www.konradin.de\/de\/wp-json\/wp\/v2\/posts"}],"about":[{"href":"https:\/\/www.konradin.de\/de\/wp-json\/wp\/v2\/types\/post"}],"author":[{"embeddable":true,"href":"https:\/\/www.konradin.de\/de\/wp-json\/wp\/v2\/users\/5"}],"replies":[{"embeddable":true,"href":"https:\/\/www.konradin.de\/de\/wp-json\/wp\/v2\/comments?post=1753"}],"version-history":[{"count":12,"href":"https:\/\/www.konradin.de\/de\/wp-json\/wp\/v2\/posts\/1753\/revisions"}],"predecessor-version":[{"id":1766,"href":"https:\/\/www.konradin.de\/de\/wp-json\/wp\/v2\/posts\/1753\/revisions\/1766"}],"wp:attachment":[{"href":"https:\/\/www.konradin.de\/de\/wp-json\/wp\/v2\/media?parent=1753"}],"wp:term":[{"taxonomy":"category","embeddable":true,"href":"https:\/\/www.konradin.de\/de\/wp-json\/wp\/v2\/categories?post=1753"},{"taxonomy":"post_tag","embeddable":true,"href":"https:\/\/www.konradin.de\/de\/wp-json\/wp\/v2\/tags?post=1753"}],"curies":[{"name":"wp","href":"https:\/\/api.w.org\/{rel}","templated":true}]}}