{"id":1807,"date":"2016-10-07T08:04:16","date_gmt":"2016-10-07T08:04:16","guid":{"rendered":"http:\/\/www.konradin.de\/de\/?p=1807"},"modified":"2016-10-07T08:40:16","modified_gmt":"2016-10-07T08:40:16","slug":"neuer-chefredakteur-fuer-bild-der-wissenschaft","status":"publish","type":"post","link":"https:\/\/www.konradin.de\/de\/neuer-chefredakteur-fuer-bild-der-wissenschaft\/","title":{"rendered":"Neuer Chefredakteur f\u00fcr bild der wissenschaft"},"content":{"rendered":"<p>Dr. Alexander M\u00e4der (44), ist seit 1. Oktober 2016 neuer Chefredakteur von bild der wissenschaft. Er war zuvor langj\u00e4hriger Leiter des Wissenschaftsressorts bei der Stuttgarter Zeitung und von 2009 bis 2011 Vorsitzender der Wissenschaftspressekonferenz. M\u00e4der studierte Philosophie, Psychologie und Physik in Heidelberg und promovierte in Bielefeld \u00fcber ein Thema der Wissenschaftsforschung. Anschlie\u00dfend arbeitete er f\u00fcr die Berliner Zeitung.<\/p>\n<p>Der bisherige Chefredakteur Wolfgang Hess (64) \u00fcbernimmt die neugeschaffene Position des Redaktionsdirektors f\u00fcr Sonderprojekte in der Konradin Mediengruppe.<\/p>\n<p>Das Monatsmagazin bild der wissenschaft erscheint bei der Konradin Mediengruppe und hat eine aktuelle Verkaufsauflage von 77.900 Exemplaren, darunter 57.900 Abonnenten. Online ist bild der wissenschaft unter der Adresse www.wissenschaft.de sowie auf Facebook unter www.facebook.com\/bildderwissenschaft zu finden. Die Redaktion twittert unter https:\/\/twitter.com\/bdwredaktion.<\/p>\n","protected":false},"excerpt":{"rendered":"<p>Dr. Alexander M\u00e4der (44), ist seit 1. Oktober 2016 neuer Chefredakteur von bild der wissenschaft. Er war zuvor langj\u00e4hriger Leiter des Wissenschaftsressorts bei der Stuttgarter Zeitung und von 2009 bis 2011 Vorsitzender der Wissenschaftspressekonferenz. M\u00e4der studierte Philosophie, Psychologie und Physik in Heidelberg und promovierte in Bielefeld \u00fcber ein Thema der Wissenschaftsforschung. Anschlie\u00dfend arbeitete er f\u00fcr [&hellip;]<\/p>\n","protected":false},"author":5,"featured_media":0,"comment_status":"open","ping_status":"closed","sticky":false,"template":"","format":"standard","meta":[],"categories":[4],"tags":[],"_links":{"self":[{"href":"https:\/\/www.konradin.de\/de\/wp-json\/wp\/v2\/posts\/1807"}],"collection":[{"href":"https:\/\/www.konradin.de\/de\/wp-json\/wp\/v2\/posts"}],"about":[{"href":"https:\/\/www.konradin.de\/de\/wp-json\/wp\/v2\/types\/post"}],"author":[{"embeddable":true,"href":"https:\/\/www.konradin.de\/de\/wp-json\/wp\/v2\/users\/5"}],"replies":[{"embeddable":true,"href":"https:\/\/www.konradin.de\/de\/wp-json\/wp\/v2\/comments?post=1807"}],"version-history":[{"count":4,"href":"https:\/\/www.konradin.de\/de\/wp-json\/wp\/v2\/posts\/1807\/revisions"}],"predecessor-version":[{"id":1813,"href":"https:\/\/www.konradin.de\/de\/wp-json\/wp\/v2\/posts\/1807\/revisions\/1813"}],"wp:attachment":[{"href":"https:\/\/www.konradin.de\/de\/wp-json\/wp\/v2\/media?parent=1807"}],"wp:term":[{"taxonomy":"category","embeddable":true,"href":"https:\/\/www.konradin.de\/de\/wp-json\/wp\/v2\/categories?post=1807"},{"taxonomy":"post_tag","embeddable":true,"href":"https:\/\/www.konradin.de\/de\/wp-json\/wp\/v2\/tags?post=1807"}],"curies":[{"name":"wp","href":"https:\/\/api.w.org\/{rel}","templated":true}]}}