{"id":1885,"date":"2016-12-05T15:32:13","date_gmt":"2016-12-05T15:32:13","guid":{"rendered":"http:\/\/www.konradin.de\/de\/?p=1885"},"modified":"2016-12-05T15:35:09","modified_gmt":"2016-12-05T15:35:09","slug":"wieder-ein-voller-erfolg-praxistag-energieeffizienz-im-prozess","status":"publish","type":"post","link":"https:\/\/www.konradin.de\/de\/wieder-ein-voller-erfolg-praxistag-energieeffizienz-im-prozess\/","title":{"rendered":"Wieder ein voller Erfolg: Praxistag \u201eEnergieeffizienz im Prozess\u201c"},"content":{"rendered":"<p>Zum zweiten Mal veranstalteten die Fachzeitschriften cav, dei und Pharmaproduktion sowie das Technikportal prozesstechnik-online.de den Praxistag \u201eEnergieeffizienz im Prozess \u2013 L\u00f6sungen und Dienstleistungen f\u00fcr Chemie, Pharma und Food\u201c. Er fand am 1. Dezember 2016 in Mannheim statt.<br \/>\nDas Programm umfasste insgesamt 10 Vortr\u00e4ge, die von Referenten f\u00fchrender Unternehmen gehalten wurden. Ihr thematisches Spektrum reichte von energieeffizienter Drucklufttrocknung \u00fcber sparsame Motoren zum Antrieb von Prozesskomponenten bis hin zur Kombination von Industrie 4.0 und Energiemanagement. Er\u00f6ffnet wurde die Veranstaltung von Dr. Christoph G\u00fcnther, Gesch\u00e4ftsf\u00fchrer der InfraLeuna GmbH. In seinem Keynote-Vortrag sprach er zum Thema \u201eEnergienetzwerke: Offene Unternehmensgrenzen sind der Schl\u00fcssel zum Erfolg\u201c.<\/p>\n<p>Der Praxistag lockte 70 Teilnehmer nach Mannheim. Im Live-Blog verfolgten \u00fcber 140 User die Veranstaltung.<\/p>\n<p>Ein Video mit Veranstaltungsimpressionen und Teilnehmer-Stimmen finden Sie <a href=\"https:\/\/www.youtube.com\/watch?v=8hdbfsQ_6jc.\">hier<\/a><\/p>\n","protected":false},"excerpt":{"rendered":"<p>Zum zweiten Mal veranstalteten die Fachzeitschriften cav, dei und Pharmaproduktion sowie das Technikportal prozesstechnik-online.de den Praxistag \u201eEnergieeffizienz im Prozess \u2013 L\u00f6sungen und Dienstleistungen f\u00fcr Chemie, Pharma und Food\u201c. Er fand am 1. Dezember 2016 in Mannheim statt. Das Programm umfasste insgesamt 10 Vortr\u00e4ge, die von Referenten f\u00fchrender Unternehmen gehalten wurden. Ihr thematisches Spektrum reichte von [&hellip;]<\/p>\n","protected":false},"author":5,"featured_media":0,"comment_status":"open","ping_status":"closed","sticky":false,"template":"","format":"standard","meta":[],"categories":[4],"tags":[],"_links":{"self":[{"href":"https:\/\/www.konradin.de\/de\/wp-json\/wp\/v2\/posts\/1885"}],"collection":[{"href":"https:\/\/www.konradin.de\/de\/wp-json\/wp\/v2\/posts"}],"about":[{"href":"https:\/\/www.konradin.de\/de\/wp-json\/wp\/v2\/types\/post"}],"author":[{"embeddable":true,"href":"https:\/\/www.konradin.de\/de\/wp-json\/wp\/v2\/users\/5"}],"replies":[{"embeddable":true,"href":"https:\/\/www.konradin.de\/de\/wp-json\/wp\/v2\/comments?post=1885"}],"version-history":[{"count":3,"href":"https:\/\/www.konradin.de\/de\/wp-json\/wp\/v2\/posts\/1885\/revisions"}],"predecessor-version":[{"id":1889,"href":"https:\/\/www.konradin.de\/de\/wp-json\/wp\/v2\/posts\/1885\/revisions\/1889"}],"wp:attachment":[{"href":"https:\/\/www.konradin.de\/de\/wp-json\/wp\/v2\/media?parent=1885"}],"wp:term":[{"taxonomy":"category","embeddable":true,"href":"https:\/\/www.konradin.de\/de\/wp-json\/wp\/v2\/categories?post=1885"},{"taxonomy":"post_tag","embeddable":true,"href":"https:\/\/www.konradin.de\/de\/wp-json\/wp\/v2\/tags?post=1885"}],"curies":[{"name":"wp","href":"https:\/\/api.w.org\/{rel}","templated":true}]}}