{"id":2007,"date":"2017-02-17T11:18:05","date_gmt":"2017-02-17T11:18:05","guid":{"rendered":"http:\/\/www.konradin.de\/de\/?p=2007"},"modified":"2017-02-17T11:18:05","modified_gmt":"2017-02-17T11:18:05","slug":"diskussion-mit-bild-der-wissenschaft-ueber-zukunftsfragen","status":"publish","type":"post","link":"https:\/\/www.konradin.de\/de\/diskussion-mit-bild-der-wissenschaft-ueber-zukunftsfragen\/","title":{"rendered":"Diskussion mit \u201ebild der wissenschaft\u201c \u00fcber Zukunftsfragen"},"content":{"rendered":"<p>\u201eWelche Zukunft wollen wir?\u201c, lautet das Titelthema der aktuellen Ausgabe von \u201ebild der wissenschaft\u201c, und dar\u00fcber diskutierte die Redaktion des Monatsmagazins nun mit prominenten Wissenschaftlern im Naturkundemuseum Stuttgart. Rund 80 G\u00e4ste verfolgten die Debatte \u00fcber die Herausforderungen des Klimawandels und des Verlusts vieler Tier- und Pflanzenarten. Wie gelingt ein besserer Umgang mit den nat\u00fcrlichen Ressourcen und neuen Technologien wie der K\u00fcnstlichen Intelligenz? Die Wissenschaft stelle sich immer h\u00e4ufiger auch diesen komplexen Fragen, die sich nur fach\u00fcbergreifend bearbeiten lassen, sagt der bdw-Chefredakteur Alexander M\u00e4der.<\/p>\n<p>Thesen und Bilder des Abends: <a href=\"http:\/\/www.wissenschaft.de\/zukunft\">www.wissenschaft.de\/zukunft<\/a><\/p>\n","protected":false},"excerpt":{"rendered":"<p>\u201eWelche Zukunft wollen wir?\u201c, lautet das Titelthema der aktuellen Ausgabe von \u201ebild der wissenschaft\u201c, und dar\u00fcber diskutierte die Redaktion des Monatsmagazins nun mit prominenten Wissenschaftlern im Naturkundemuseum Stuttgart. Rund 80 G\u00e4ste verfolgten die Debatte \u00fcber die Herausforderungen des Klimawandels und des Verlusts vieler Tier- und Pflanzenarten. Wie gelingt ein besserer Umgang mit den nat\u00fcrlichen Ressourcen [&hellip;]<\/p>\n","protected":false},"author":5,"featured_media":0,"comment_status":"open","ping_status":"closed","sticky":false,"template":"","format":"standard","meta":[],"categories":[4],"tags":[],"_links":{"self":[{"href":"https:\/\/www.konradin.de\/de\/wp-json\/wp\/v2\/posts\/2007"}],"collection":[{"href":"https:\/\/www.konradin.de\/de\/wp-json\/wp\/v2\/posts"}],"about":[{"href":"https:\/\/www.konradin.de\/de\/wp-json\/wp\/v2\/types\/post"}],"author":[{"embeddable":true,"href":"https:\/\/www.konradin.de\/de\/wp-json\/wp\/v2\/users\/5"}],"replies":[{"embeddable":true,"href":"https:\/\/www.konradin.de\/de\/wp-json\/wp\/v2\/comments?post=2007"}],"version-history":[{"count":7,"href":"https:\/\/www.konradin.de\/de\/wp-json\/wp\/v2\/posts\/2007\/revisions"}],"predecessor-version":[{"id":2019,"href":"https:\/\/www.konradin.de\/de\/wp-json\/wp\/v2\/posts\/2007\/revisions\/2019"}],"wp:attachment":[{"href":"https:\/\/www.konradin.de\/de\/wp-json\/wp\/v2\/media?parent=2007"}],"wp:term":[{"taxonomy":"category","embeddable":true,"href":"https:\/\/www.konradin.de\/de\/wp-json\/wp\/v2\/categories?post=2007"},{"taxonomy":"post_tag","embeddable":true,"href":"https:\/\/www.konradin.de\/de\/wp-json\/wp\/v2\/tags?post=2007"}],"curies":[{"name":"wp","href":"https:\/\/api.w.org\/{rel}","templated":true}]}}