{"id":2068,"date":"2017-03-27T13:19:19","date_gmt":"2017-03-27T13:19:19","guid":{"rendered":"https:\/\/www.konradin.de\/de\/?p=2068"},"modified":"2017-03-31T09:14:48","modified_gmt":"2017-03-31T09:14:48","slug":"konrad-kohlhammer-stiftung-neu-auf-facebook-und-instragram","status":"publish","type":"post","link":"https:\/\/www.konradin.de\/de\/konrad-kohlhammer-stiftung-neu-auf-facebook-und-instragram\/","title":{"rendered":"Konrad-Kohlhammer-Stiftung neu auf Facebook und Instagram"},"content":{"rendered":"<p><span style=\"font-family: Calibri;\">Unsere Verlegerin Katja Kohlhammer stellte\u00a0bei der B2B-Fachveranstaltung im Haus der Wirtschaft die neue Facebook-Seite der <\/span><span style=\"font-family: Calibri;\">Konrad-Kohlhammer-Stiftung<\/span><span style=\"font-family: Calibri;\"> vor. 20 Prozent\u00a0des Unternehmensgewinns der Konradin Mediengruppe flie\u00dfen in die Stiftung und stellen so finanzielle F\u00f6rdermittel f\u00fcr gemeinn\u00fctzige Projekte in den Bereichen Bildung, Kultur und Kunst bereit.\u00a0Unsere neue Facebook-Seite <\/span><a href=\"https:\/\/www.facebook.com\/Konrad.Kohlhammer.Stiftung\/\"><span style=\"font-family: Calibri;\">https:\/\/www.facebook.com\/Konrad.Kohlhammer.Stiftung\/<\/span><\/a><span style=\"font-family: Calibri;\">\u00a0freut sich auf\u00a0Ihren Besuch. Das\u00a0Instagram-Profil\u00a0@konrad.kohlhammer.stiftung ebenfalls.\u00a0\u00a0\u00a0<\/span><\/p>\n","protected":false},"excerpt":{"rendered":"<p>Unsere Verlegerin Katja Kohlhammer stellte\u00a0bei der B2B-Fachveranstaltung im Haus der Wirtschaft die neue Facebook-Seite der Konrad-Kohlhammer-Stiftung vor. 20 Prozent\u00a0des Unternehmensgewinns der Konradin Mediengruppe flie\u00dfen in die Stiftung und stellen so finanzielle F\u00f6rdermittel f\u00fcr gemeinn\u00fctzige Projekte in den Bereichen Bildung, Kultur und Kunst bereit.\u00a0Unsere neue Facebook-Seite https:\/\/www.facebook.com\/Konrad.Kohlhammer.Stiftung\/\u00a0freut sich auf\u00a0Ihren Besuch. Das\u00a0Instagram-Profil\u00a0@konrad.kohlhammer.stiftung ebenfalls.\u00a0\u00a0\u00a0<\/p>\n","protected":false},"author":5,"featured_media":0,"comment_status":"open","ping_status":"closed","sticky":false,"template":"","format":"standard","meta":[],"categories":[4],"tags":[],"_links":{"self":[{"href":"https:\/\/www.konradin.de\/de\/wp-json\/wp\/v2\/posts\/2068"}],"collection":[{"href":"https:\/\/www.konradin.de\/de\/wp-json\/wp\/v2\/posts"}],"about":[{"href":"https:\/\/www.konradin.de\/de\/wp-json\/wp\/v2\/types\/post"}],"author":[{"embeddable":true,"href":"https:\/\/www.konradin.de\/de\/wp-json\/wp\/v2\/users\/5"}],"replies":[{"embeddable":true,"href":"https:\/\/www.konradin.de\/de\/wp-json\/wp\/v2\/comments?post=2068"}],"version-history":[{"count":10,"href":"https:\/\/www.konradin.de\/de\/wp-json\/wp\/v2\/posts\/2068\/revisions"}],"predecessor-version":[{"id":2081,"href":"https:\/\/www.konradin.de\/de\/wp-json\/wp\/v2\/posts\/2068\/revisions\/2081"}],"wp:attachment":[{"href":"https:\/\/www.konradin.de\/de\/wp-json\/wp\/v2\/media?parent=2068"}],"wp:term":[{"taxonomy":"category","embeddable":true,"href":"https:\/\/www.konradin.de\/de\/wp-json\/wp\/v2\/categories?post=2068"},{"taxonomy":"post_tag","embeddable":true,"href":"https:\/\/www.konradin.de\/de\/wp-json\/wp\/v2\/tags?post=2068"}],"curies":[{"name":"wp","href":"https:\/\/api.w.org\/{rel}","templated":true}]}}