{"id":2099,"date":"2017-04-10T06:54:26","date_gmt":"2017-04-10T06:54:26","guid":{"rendered":"https:\/\/www.konradin.de\/de\/?p=2099"},"modified":"2017-04-10T06:57:41","modified_gmt":"2017-04-10T06:57:41","slug":"neuer-bildband-damals-galerie-menschen-maschinen-aufstieg-und-wandel-des-ruhrgebiets","status":"publish","type":"post","link":"https:\/\/www.konradin.de\/de\/neuer-bildband-damals-galerie-menschen-maschinen-aufstieg-und-wandel-des-ruhrgebiets\/","title":{"rendered":"Neuer Bildband DAMALS Galerie: \u201eMenschen &#038; Maschinen \u2013 Aufstieg und Wandel des Ruhrgebiets\u201c"},"content":{"rendered":"<p>Leinfelden-Echterdingen \u2013 Der neue Bildband DAMALS <em>Galerie<\/em> widmet sich der bewegenden Geschichte des Ruhrgebiets. Diese wird in rund 200 Bildern aus der einzigartigen Sammlung des Essener Ruhr Museums erz\u00e4hlt, erg\u00e4nzt durch einordnende Artikel.<\/p>\n<p>Der Bildband zeichnet die Geschichte des Ruhrgebiets schlaglichtartig nach \u2013 von den Anf\u00e4ngen im 18. Jahrhundert bis in die 1980er Jahre hinein. Innerhalb dieser Zeitspanne machte die einst l\u00e4ndliche Region einen gewaltigen Aufstieg durch: Sie wuchs im 19. Jahrhundert zum gr\u00f6\u00dften industriellen Ballungsraum Deutschlands heran, einem der leistungsf\u00e4higsten Industriereviere in Europa. Kohle und Stahl: Daf\u00fcr stand der \u201ePott\u201c. Das Ruhrgebiet trug zum Aufstieg des Kaiserreichs bei, es diente in beiden Weltkriegen als Waffenschmiede und war nach dem Zweiten Weltkrieg Motor des Wirtschaftswunders.<\/p>\n<p>In Kooperation mit dem Ruhr Museum schildert DAMALS das Schicksal der Menschen, die zun\u00e4chst aus anderen deutschen Regionen, dann auch aus Polen sowie sp\u00e4ter aus S\u00fcdeuropa und der T\u00fcrkei der Arbeit wegen in den nordwestdeutschen Raum str\u00f6mten. Seit Beginn der Kohlekrise Ende der 1950er Jahre und der zeitlich versetzt folgenden Stahlkrise hat die einstige Montanregion einen harten Transformationsprozess hinter sich gebracht \u2013 durch Ansiedlung neuer Branchen und Gewerbe, durch die Konzentration auf Dienstleistungen sowie durch Investitionen in Forschung, Bildung und Kultur.<\/p>\n<p>DAMALS Galerie ist ab dem 13. April 2017 deutschlandweit in ausgew\u00e4hlten Verkaufsstellen zum Preis von 9,90 Euro erh\u00e4ltlich. Den Einzelverkauf betreut PARTNER Medienservices GmbH, Stuttgart.<\/p>\n<p>Das Geschichtsmagazin DAMALS, herausgegeben von der Konradin Medien GmbH in Leinfelden-Echterdingen, erscheint im 49. Jahrgang. Das popul\u00e4r aufbereitete Magazin richtet sich an Geschichtsinteressierte und legt Wert auf Hintergr\u00fcndigkeit und Tiefe. Besonderheit: DAMALS ist das einzige Geschichtsmagazin im deutsch-sprachigen Raum, f\u00fcr das fast ausschlie\u00dflich Wissenschaftler schreiben \u2013 also die Historikerinnen und Historiker, die zu den jeweiligen Themen forschen und lehren.<\/p>\n<p>Online ist DAMALS unter der Adresse www.damals.de sowie auf Facebook unter www.facebook.com\/damals.geschichtsmagazin zu finden.<\/p>\n<p>Ihr Ansprechpartner<br \/>\nKonradin Medien GmbH<br \/>\nStefan Bergmann<br \/>\nChefredakteur DAMALS<br \/>\nErnst-Mey-Stra\u00dfe 8, 70771 Leinfelden-Echterdingen<br \/>\nstefan.bergmann@konradin.de,\u00a0\u00a0Phone +49 711 7594-418<\/p>\n<p>F\u00fcr Rezensionsexemplare wenden Sie sich bitte an: carsten.felker@konradin.de<\/p>\n<p>&nbsp;<\/p>\n","protected":false},"excerpt":{"rendered":"<p>Leinfelden-Echterdingen \u2013 Der neue Bildband DAMALS Galerie widmet sich der bewegenden Geschichte des Ruhrgebiets. Diese wird in rund 200 Bildern aus der einzigartigen Sammlung des Essener Ruhr Museums erz\u00e4hlt, erg\u00e4nzt durch einordnende Artikel. Der Bildband zeichnet die Geschichte des Ruhrgebiets schlaglichtartig nach \u2013 von den Anf\u00e4ngen im 18. Jahrhundert bis in die 1980er Jahre hinein. [&hellip;]<\/p>\n","protected":false},"author":5,"featured_media":0,"comment_status":"open","ping_status":"closed","sticky":false,"template":"","format":"standard","meta":[],"categories":[4],"tags":[],"_links":{"self":[{"href":"https:\/\/www.konradin.de\/de\/wp-json\/wp\/v2\/posts\/2099"}],"collection":[{"href":"https:\/\/www.konradin.de\/de\/wp-json\/wp\/v2\/posts"}],"about":[{"href":"https:\/\/www.konradin.de\/de\/wp-json\/wp\/v2\/types\/post"}],"author":[{"embeddable":true,"href":"https:\/\/www.konradin.de\/de\/wp-json\/wp\/v2\/users\/5"}],"replies":[{"embeddable":true,"href":"https:\/\/www.konradin.de\/de\/wp-json\/wp\/v2\/comments?post=2099"}],"version-history":[{"count":3,"href":"https:\/\/www.konradin.de\/de\/wp-json\/wp\/v2\/posts\/2099\/revisions"}],"predecessor-version":[{"id":2105,"href":"https:\/\/www.konradin.de\/de\/wp-json\/wp\/v2\/posts\/2099\/revisions\/2105"}],"wp:attachment":[{"href":"https:\/\/www.konradin.de\/de\/wp-json\/wp\/v2\/media?parent=2099"}],"wp:term":[{"taxonomy":"category","embeddable":true,"href":"https:\/\/www.konradin.de\/de\/wp-json\/wp\/v2\/categories?post=2099"},{"taxonomy":"post_tag","embeddable":true,"href":"https:\/\/www.konradin.de\/de\/wp-json\/wp\/v2\/tags?post=2099"}],"curies":[{"name":"wp","href":"https:\/\/api.w.org\/{rel}","templated":true}]}}