{"id":3735,"date":"2019-04-23T06:29:02","date_gmt":"2019-04-23T06:29:02","guid":{"rendered":"http:\/\/staging.konradin.datenkasten.de\/de\/?p=3735"},"modified":"2026-02-05T09:01:14","modified_gmt":"2026-02-05T09:01:14","slug":"interview-mit-unserem-geschaeftsfuehrer-peter-dilger","status":"publish","type":"post","link":"https:\/\/www.konradin.de\/de\/interview-mit-unserem-geschaeftsfuehrer-peter-dilger\/","title":{"rendered":"Interview mit unserem Gesch\u00e4ftsf\u00fchrer Peter Dilger"},"content":{"rendered":"<p><strong><img decoding=\"async\" loading=\"lazy\" class=\"alignnone wp-image-3781\" src=\"http:\/\/staging.konradin.datenkasten.de\/de\/wp-content\/uploads\/Dilger-zitat5-1-300x167.png\" alt=\"\" width=\"1075\" height=\"598\" srcset=\"https:\/\/www.konradin.de\/de\/wp-content\/uploads\/Dilger-zitat5-1-300x167.png 300w, https:\/\/www.konradin.de\/de\/wp-content\/uploads\/Dilger-zitat5-1-768x426.png 768w, https:\/\/www.konradin.de\/de\/wp-content\/uploads\/Dilger-zitat5-1.png 1200w\" sizes=\"(max-width: 1075px) 100vw, 1075px\" \/><\/strong><\/p>\n<p><strong>Wie lange sind Sie bei Konradin t\u00e4tig?<\/strong><\/p>\n<p>F\u00fcr Konradin bin ich mittlerweile 18 Jahre t\u00e4tig.<\/p>\n<p><strong>Was zeichnet Konradin aus?<\/strong><\/p>\n<p>Ganz klar ist das f\u00fcr mich unsere geballte fachliche Kompetenz. Mit unseren rund 50 Medienmarken haben wir eine gro\u00dfe thematische Breite, die wirklich spannend ist. Ich selbst bin operativ im Bereich Industrie t\u00e4tig und habe durch den pers\u00f6nlichen Kontakt zu unseren Kunden eine richtige Leidenschaft f\u00fcr diese Themen entwickelt. Mit Themen wie z.B. Digitalisierung und Industrie 4.0 ist hier so viel in Bewegung. Das ist schon faszinierend.<\/p>\n<p><strong>Worauf sind Sie besonders stolz?<\/strong><\/p>\n<p>Ganz unabh\u00e4ngig in welcher Situation ich t\u00e4glich stehe, egal welche Herausforderungen sich dabei stellen. Auf das Engagement, die Loyalit\u00e4t und Kompetenz meiner Mitarbeiter*innen kann ich mich verlassen. Das ist ein wirklich gutes Gef\u00fchl und erf\u00fcllt mich mit Stolz.<\/p>\n<p><strong>Welche Botschaft haben Sie f\u00fcr k\u00fcnftig interessierte Bewerber*innen?<\/strong><\/p>\n<p>Die Themen in der Medienbranche sind dabei, sich permanent zu ver\u00e4ndern und weiterzuentwickeln. Wenn es Sie motiviert, dabei selbst Akzente zu setzen, Sie gerne beweglich sind und Teil einer richtig guten Mannschaft werden wollen, sind Sie bei Konradin richtig.<\/p>\n<p><strong>Haben Sie besondere Erkenntnisse aus der langj\u00e4hrigen Erfahrung gewonnen?<\/strong><\/p>\n<p>Auf jeden Fall, dass ich Dinge in Ruhe betrachte, hinterfrage und dann entscheide. Auch dass ich mit einer positiven Haltung, selbst wenn die Wellen hochschlagen, am meisten bewirken kann.<\/p>\n<p>Daneben ist es mir sehr wichtig, meine Mitarbeiter*innen in ihren ganz individuellen St\u00e4rken zu sehen und zu sch\u00e4tzen. Und gleichzeitig versuche ich, neue Wege zu er\u00f6ffnen und f\u00fcr Ver\u00e4nderung zu begeistern.<\/p>\n<p><strong>Was ist f\u00fcr Sie privat unverzichtbar?<\/strong><\/p>\n<p>Meine Familie, mein Umfeld und ein gem\u00fctliches Zuhause, wo ich mich zur\u00fcckziehe und den Kopf frei bekommen kann.<\/p>\n<style>h1{font-size:35px;}.date{display:none;}<\/style>\n","protected":false},"excerpt":{"rendered":"<p>Wie lange sind Sie bei Konradin t\u00e4tig? F\u00fcr Konradin bin ich mittlerweile 18 Jahre t\u00e4tig. Was zeichnet Konradin aus? Ganz klar ist das f\u00fcr mich unsere geballte fachliche Kompetenz. Mit unseren rund 50 Medienmarken haben wir eine gro\u00dfe thematische Breite, die wirklich spannend ist. Ich selbst bin operativ im Bereich Industrie t\u00e4tig und habe durch [&hellip;]<\/p>\n","protected":false},"author":12,"featured_media":0,"comment_status":"closed","ping_status":"closed","sticky":false,"template":"","format":"standard","meta":[],"categories":[10],"tags":[],"_links":{"self":[{"href":"https:\/\/www.konradin.de\/de\/wp-json\/wp\/v2\/posts\/3735"}],"collection":[{"href":"https:\/\/www.konradin.de\/de\/wp-json\/wp\/v2\/posts"}],"about":[{"href":"https:\/\/www.konradin.de\/de\/wp-json\/wp\/v2\/types\/post"}],"author":[{"embeddable":true,"href":"https:\/\/www.konradin.de\/de\/wp-json\/wp\/v2\/users\/12"}],"replies":[{"embeddable":true,"href":"https:\/\/www.konradin.de\/de\/wp-json\/wp\/v2\/comments?post=3735"}],"version-history":[{"count":21,"href":"https:\/\/www.konradin.de\/de\/wp-json\/wp\/v2\/posts\/3735\/revisions"}],"predecessor-version":[{"id":5571,"href":"https:\/\/www.konradin.de\/de\/wp-json\/wp\/v2\/posts\/3735\/revisions\/5571"}],"wp:attachment":[{"href":"https:\/\/www.konradin.de\/de\/wp-json\/wp\/v2\/media?parent=3735"}],"wp:term":[{"taxonomy":"category","embeddable":true,"href":"https:\/\/www.konradin.de\/de\/wp-json\/wp\/v2\/categories?post=3735"},{"taxonomy":"post_tag","embeddable":true,"href":"https:\/\/www.konradin.de\/de\/wp-json\/wp\/v2\/tags?post=3735"}],"curies":[{"name":"wp","href":"https:\/\/api.w.org\/{rel}","templated":true}]}}