{"id":452,"date":"2015-05-05T09:20:04","date_gmt":"2015-05-05T09:20:04","guid":{"rendered":"http:\/\/www.konradin.datenkasten.de\/de\/?p=452"},"modified":"2016-06-09T19:59:34","modified_gmt":"2016-06-09T19:59:34","slug":"neue-partnerschaft-zwischen-der-konradin-selection-gmbh-und-wein-com","status":"publish","type":"post","link":"https:\/\/www.konradin.de\/de\/neue-partnerschaft-zwischen-der-konradin-selection-gmbh-und-wein-com\/","title":{"rendered":"Partnerschaft zwischen Konradin Selection GmbH und wein.com"},"content":{"rendered":"<p>&nbsp;<\/p>\n<p>Eine erfolgversprechende Kooperation haben die Konradin Mediengruppe aus Leinfelden bei Stuttgart und das Schweizer Unternehmen Wine &amp; Gourmet Digital GmbH zum 1. Mai 2015 vereinbart. Wine&amp;Gourmet wird auf seinem Online-Portal die komplette Online-Pr\u00e4senz des Printobjektes selection abbilden. Die bisherige Homepage www.aus-lust-am-genuss.de dient dann nur noch der Anmeldung von Juroren zu den umfangreichen Verkostungen des renommierten Fachmagazins f\u00fcr Wein und andere Getr\u00e4nke.<\/p>\n<p>Die Seite www.wein.com weist aktuell weit \u00fcber 200.000 Page Impressions im Monat bei rund 70.000 Visits auf \u2013 Tendenz klar steigend. \u201eIch gehe fest davon aus, dass unser technisches Know-how und unsere Erfahrung in der Online-Vermarktung das Interesse der Community noch erheblich vorantreiben werden\u201c, erl\u00e4utert Sebastian Post, Wine &amp; Gourmet-Gesch\u00e4ftsf\u00fchrer, die Strategie hinter der Zusammenarbeit. Und Marc Reisner, zust\u00e4ndiger Verlagsleiter in der Konradin Mediengruppe, erg\u00e4nzt: \u201eDas selection-Redaktionsteam um Chefredakteur Wolfgang Hubert steht f\u00fcr gro\u00dfes Fachwissen im gesamten Themenbereich Wein. Da wir bereits zum Start auch die Verkostungsergebnisse aller Weine, Spirituosen und Biere in eine neue Datenbank eingepflegt haben, wird wein.com\/selection praktisch zwangsl\u00e4ufig zu einem Muss f\u00fcr alle, die sich \u00fcber diese Getr\u00e4nke informieren wollen.\u201c<\/p>\n<p>Weitere Informationen:<br \/>\nMarc Reisner, Verlagsleiter, Konradin Selection GmbH,<br \/>\nmarc.reisner@konradin.de, Phone +49 6131 5841-133<\/p>\n<p>Sebastian Post, Gesch\u00e4ftsf\u00fchrer, Wine &amp; Gourmet Digital GmbH,<br \/>\nsebastian.post@wg-digital.com, Phone +49 171 5676662<\/p>\n<p>F\u00fcr Kunden:<br \/>\nMichael G\u00fcnther, Anzeigenleiter, Konradin Selection GmbH,<br \/>\nmichael.guenther@konradin.de, Phone +49 6131 5841-126<\/p>\n<p>Nicole Traber, x-mm Agentur f\u00fcr Cross Media &amp; Marketing<br \/>\nnicole.traber@x-mm.de, Phone +49 89 21557214-0<\/p>\n","protected":false},"excerpt":{"rendered":"<p>&nbsp; Eine erfolgversprechende Kooperation haben die Konradin Mediengruppe aus Leinfelden bei Stuttgart und das Schweizer Unternehmen Wine &amp; Gourmet Digital GmbH zum 1. Mai 2015 vereinbart. Wine&amp;Gourmet wird auf seinem Online-Portal die komplette Online-Pr\u00e4senz des Printobjektes selection abbilden. Die bisherige Homepage www.aus-lust-am-genuss.de dient dann nur noch der Anmeldung von Juroren zu den umfangreichen Verkostungen des [&hellip;]<\/p>\n","protected":false},"author":3,"featured_media":0,"comment_status":"open","ping_status":"closed","sticky":false,"template":"","format":"standard","meta":[],"categories":[4],"tags":[],"_links":{"self":[{"href":"https:\/\/www.konradin.de\/de\/wp-json\/wp\/v2\/posts\/452"}],"collection":[{"href":"https:\/\/www.konradin.de\/de\/wp-json\/wp\/v2\/posts"}],"about":[{"href":"https:\/\/www.konradin.de\/de\/wp-json\/wp\/v2\/types\/post"}],"author":[{"embeddable":true,"href":"https:\/\/www.konradin.de\/de\/wp-json\/wp\/v2\/users\/3"}],"replies":[{"embeddable":true,"href":"https:\/\/www.konradin.de\/de\/wp-json\/wp\/v2\/comments?post=452"}],"version-history":[{"count":10,"href":"https:\/\/www.konradin.de\/de\/wp-json\/wp\/v2\/posts\/452\/revisions"}],"predecessor-version":[{"id":1614,"href":"https:\/\/www.konradin.de\/de\/wp-json\/wp\/v2\/posts\/452\/revisions\/1614"}],"wp:attachment":[{"href":"https:\/\/www.konradin.de\/de\/wp-json\/wp\/v2\/media?parent=452"}],"wp:term":[{"taxonomy":"category","embeddable":true,"href":"https:\/\/www.konradin.de\/de\/wp-json\/wp\/v2\/categories?post=452"},{"taxonomy":"post_tag","embeddable":true,"href":"https:\/\/www.konradin.de\/de\/wp-json\/wp\/v2\/tags?post=452"}],"curies":[{"name":"wp","href":"https:\/\/api.w.org\/{rel}","templated":true}]}}