{"id":738,"date":"2015-12-04T19:47:43","date_gmt":"2015-12-04T19:47:43","guid":{"rendered":"http:\/\/www.konradin.datenkasten.de\/de\/?p=738"},"modified":"2016-06-09T19:58:03","modified_gmt":"2016-06-09T19:58:03","slug":"energieeffizienz-im-fokus-bei-prozesstechnik-praxistag","status":"publish","type":"post","link":"https:\/\/www.konradin.de\/de\/energieeffizienz-im-fokus-bei-prozesstechnik-praxistag\/","title":{"rendered":"1. Praxistag Energieeffizienz im Prozess"},"content":{"rendered":"<p>&nbsp;<\/p>\n<p>\u00dcber 100 Teilnehmer kamen zum 1. Praxistag Energieeffizienz im Prozess am 3. Dezember 2015 ins Dorint Kongresshotel nach Mannheim.<\/p>\n<p>cav, dei und Pharmaproduktion hatten die Besucher eingeladen, sich \u00fcber aktuelle Trends bei energieeffizienten L\u00f6sungen f\u00fcr die Prozessindustrie in Fachvortr\u00e4gen sowie an den St\u00e4nden der 16 Partnerunternehmen zu informieren. In vier Sessions stellten die Partner \u2013 darunter namhafte Unternehmen der Prozesstechnik wie zum Beispiel Samson, Emerson Process Management oder Aerzener Maschinenfabrik \u2013 L\u00f6sungen aus den Bereichen Pumpen, Kompressoren, Antriebe, Messen &amp; Automatisieren, Anlagen &amp; Verfahren sowie Energie-Services &amp; Solutions vor.<\/p>\n<p>In ihrer Keynote pr\u00e4sentierte Frau Dr. F\u00fcrst-Wiesmann von Henkel Laundry &amp; Home Care das nachhaltige Gesamtkonzept des Persil- und Prilherstellers zur Energieeinsparung.<\/p>\n<p>In den Pausen wurde an den Partnerst\u00e4nden rege \u00fcber Energieverbr\u00e4uche, Druckluftleckagen und W\u00e4rmer\u00fcckgewinnung diskutiert.<\/p>\n<p>Die R\u00fcckmeldungen der Besucher fielen sehr positiv aus, auch die Partner waren begeistert. Einige haben ihre Teilnahme am n\u00e4chsten Praxistag Energieeffizienz im Prozess am 1. Dezember 2016 an gleicher Stelle noch auf der Veranstaltung zugesagt.<\/p>\n","protected":false},"excerpt":{"rendered":"<p>&nbsp; \u00dcber 100 Teilnehmer kamen zum 1. Praxistag Energieeffizienz im Prozess am 3. Dezember 2015 ins Dorint Kongresshotel nach Mannheim. cav, dei und Pharmaproduktion hatten die Besucher eingeladen, sich \u00fcber aktuelle Trends bei energieeffizienten L\u00f6sungen f\u00fcr die Prozessindustrie in Fachvortr\u00e4gen sowie an den St\u00e4nden der 16 Partnerunternehmen zu informieren. In vier Sessions stellten die Partner [&hellip;]<\/p>\n","protected":false},"author":3,"featured_media":0,"comment_status":"open","ping_status":"closed","sticky":false,"template":"","format":"standard","meta":[],"categories":[4],"tags":[],"_links":{"self":[{"href":"https:\/\/www.konradin.de\/de\/wp-json\/wp\/v2\/posts\/738"}],"collection":[{"href":"https:\/\/www.konradin.de\/de\/wp-json\/wp\/v2\/posts"}],"about":[{"href":"https:\/\/www.konradin.de\/de\/wp-json\/wp\/v2\/types\/post"}],"author":[{"embeddable":true,"href":"https:\/\/www.konradin.de\/de\/wp-json\/wp\/v2\/users\/3"}],"replies":[{"embeddable":true,"href":"https:\/\/www.konradin.de\/de\/wp-json\/wp\/v2\/comments?post=738"}],"version-history":[{"count":12,"href":"https:\/\/www.konradin.de\/de\/wp-json\/wp\/v2\/posts\/738\/revisions"}],"predecessor-version":[{"id":1611,"href":"https:\/\/www.konradin.de\/de\/wp-json\/wp\/v2\/posts\/738\/revisions\/1611"}],"wp:attachment":[{"href":"https:\/\/www.konradin.de\/de\/wp-json\/wp\/v2\/media?parent=738"}],"wp:term":[{"taxonomy":"category","embeddable":true,"href":"https:\/\/www.konradin.de\/de\/wp-json\/wp\/v2\/categories?post=738"},{"taxonomy":"post_tag","embeddable":true,"href":"https:\/\/www.konradin.de\/de\/wp-json\/wp\/v2\/tags?post=738"}],"curies":[{"name":"wp","href":"https:\/\/api.w.org\/{rel}","templated":true}]}}